{"id":103,"date":"2016-12-14T12:05:54","date_gmt":"2016-12-14T11:05:54","guid":{"rendered":"https:\/\/www.clovisgestionprivee.fr\/?p=103"},"modified":"2026-03-22T20:23:29","modified_gmt":"2026-03-22T19:23:29","slug":"standard-post","status":"publish","type":"post","link":"https:\/\/www.clovisgestionprivee.fr\/index.php\/2016\/12\/14\/standard-post\/","title":{"rendered":"Article Challenges"},"content":{"rendered":"<h2>Clovis Gestion Priv\u00e9e : L\u2019Accompagnement Patrimonial Haute Couture<\/h2>\n<p>Le patrimoine n&#8217;est pas qu&#8217;une question de chiffres ; c&#8217;est l&#8217;histoire d&#8217;une vie, d&#8217;une famille et de projets \u00e0 long terme. Dans une interview exclusive accord\u00e9e au magazine <strong>Challenges<\/strong>, Fabrice Sobra, fondateur de <strong>Clovis Gestion Priv\u00e9e<\/strong>, revient sur la philosophie qui anime son cabinet depuis sa cr\u00e9ation en 2009.<\/p>\n<h3>Une approche inspir\u00e9e de la m\u00e9decine g\u00e9n\u00e9rale<\/h3>\n<p>\u00c0 l&#8217;image d&#8217;un m\u00e9decin de famille, Clovis Gestion Priv\u00e9e se positionne comme un interlocuteur central pour ses clients :<\/p>\n<ul>\n<li><strong>R\u00e9activit\u00e9 et disponibilit\u00e9<\/strong> : Un cabinet \u00e0 taille humaine.<\/li>\n<li><strong>Expertise interprofessionnelle<\/strong> : Vision \u00e0 360\u00b0.<\/li>\n<li><strong>Accompagnement transg\u00e9n\u00e9rationnel<\/strong> : Soutien pour les expatri\u00e9s.<\/li>\n<\/ul>\n<h3>Les chiffres cl\u00e9s d&#8217;une r\u00e9ussite solide<\/h3>\n<ul>\n<li><strong>Cr\u00e9ation en 2009<\/strong>.<\/li>\n<li>Plus de <strong>500 familles accompagn\u00e9es<\/strong>.<\/li>\n<li>Plus de <strong>100 M\u20ac d&#8217;actifs sous gestion<\/strong>.<\/li>\n<\/ul>\n<p><strong>Besoin d&#8217;un diagnostic ?<\/strong><br \/>\nSite web : <a href=\"https:\/\/www.clovisgestionprivee.com\" target=\"_blank\" rel=\"noopener\">www.clovisgestionprivee.com<\/a><br \/>\nT\u00e9l\u00e9phone : 07 62 54 84 84<\/p>\n<blockquote><p>\u00ab Les march\u00e9s financiers et les lois de finance sont remises en cause tous les jours, nous devons nous adapter afin de trouver les meilleures solutions pour nos clients \u00bb \u2014 <strong>Fabrice Sobra<\/strong>.<\/p><\/blockquote>\n","protected":false},"excerpt":{"rendered":"<p>Clovis Gestion Priv\u00e9e : L\u2019Accompagnement Patrimonial Haute Couture Le patrimoine n&#8217;est pas qu&#8217;une question de chiffres ; c&#8217;est l&#8217;histoire d&#8217;une vie, d&#8217;une famille et de projets \u00e0 long terme. Dans une interview exclusive accord\u00e9e au magazine Challenges, Fabrice Sobra, fondateur de Clovis Gestion Priv\u00e9e, revient sur la philosophie qui anime son cabinet depuis sa cr\u00e9ation en 2009. Une approche inspir\u00e9e&hellip;<\/p>\n","protected":false},"author":1,"featured_media":1570,"comment_status":"closed","ping_status":"closed","sticky":false,"template":"","format":"standard","meta":[],"categories":[22],"tags":[43,44,46,45],"_links":{"self":[{"href":"https:\/\/www.clovisgestionprivee.fr\/index.php\/wp-json\/wp\/v2\/posts\/103"}],"collection":[{"href":"https:\/\/www.clovisgestionprivee.fr\/index.php\/wp-json\/wp\/v2\/posts"}],"about":[{"href":"https:\/\/www.clovisgestionprivee.fr\/index.php\/wp-json\/wp\/v2\/types\/post"}],"author":[{"embeddable":true,"href":"https:\/\/www.clovisgestionprivee.fr\/index.php\/wp-json\/wp\/v2\/users\/1"}],"replies":[{"embeddable":true,"href":"https:\/\/www.clovisgestionprivee.fr\/index.php\/wp-json\/wp\/v2\/comments?post=103"}],"version-history":[{"count":11,"href":"https:\/\/www.clovisgestionprivee.fr\/index.php\/wp-json\/wp\/v2\/posts\/103\/revisions"}],"predecessor-version":[{"id":1590,"href":"https:\/\/www.clovisgestionprivee.fr\/index.php\/wp-json\/wp\/v2\/posts\/103\/revisions\/1590"}],"wp:featuredmedia":[{"embeddable":true,"href":"https:\/\/www.clovisgestionprivee.fr\/index.php\/wp-json\/wp\/v2\/media\/1570"}],"wp:attachment":[{"href":"https:\/\/www.clovisgestionprivee.fr\/index.php\/wp-json\/wp\/v2\/media?parent=103"}],"wp:term":[{"taxonomy":"category","embeddable":true,"href":"https:\/\/www.clovisgestionprivee.fr\/index.php\/wp-json\/wp\/v2\/categories?post=103"},{"taxonomy":"post_tag","embeddable":true,"href":"https:\/\/www.clovisgestionprivee.fr\/index.php\/wp-json\/wp\/v2\/tags?post=103"}],"curies":[{"name":"wp","href":"https:\/\/api.w.org\/{rel}","templated":true}]}}